{"id":12214,"date":"2026-08-31T18:00:00","date_gmt":"2026-08-31T16:00:00","guid":{"rendered":"https:\/\/www.fdj-suez.fr\/?p=12214"},"modified":"2026-08-31T18:00:11","modified_gmt":"2026-08-31T16:00:11","slug":"anja-grossmann-rejoint-fdj-united-suez-pour-deux-saisons","status":"publish","type":"post","link":"https:\/\/www.fdj-suez.fr\/en\/anja-grossmann-rejoint-fdj-united-suez-pour-deux-saisons\/","title":{"rendered":"ANJA GROSSMANN REJOINT FDJ UNITED-SUEZ POUR DEUX SAISONS"},"content":{"rendered":"\n<p class=\"wp-block-paragraph\">L&#8217;\u00e9quipe est heureuse d&#8217;annoncer l\u2019arriv\u00e9e d\u2019Anja Grossmann dans ses rangs pour les deux prochaines saisons. \u00c0 seulement 17 ans, la jeune Suissesse s\u2019appr\u00eate \u00e0 franchir une nouvelle \u00e9tape de sa carri\u00e8re en rejoignant le peloton professionnel.<\/p>\n\n\n\n<p class=\"wp-block-paragraph\">Anja s\u2019est d\u00e9j\u00e0 affirm\u00e9e comme l\u2019un des grands talents de sa g\u00e9n\u00e9ration. En 2025, elle d\u00e9croche la m\u00e9daille de bronze de la course en ligne juniors aux Championnats du Monde de Kigali, avant de devenir vice-championne d\u2019Europe juniors quelques jours plus tard. Deux performances internationales majeures obtenues d\u00e8s sa premi\u00e8re ann\u00e9e dans la cat\u00e9gorie.<\/p>\n\n\n\n<p class=\"wp-block-paragraph\">Athl\u00e8te multidisciplinaire, Anja s\u2019illustre \u00e9galement en cyclo-cross et en VTT. Cette polyvalence, associ\u00e9e \u00e0 son ambition et \u00e0 son potentiel \u00e0 d\u00e9velopper, correspond pleinement au projet port\u00e9 par l\u2019\u00e9quipe.<\/p>\n\n\n\n<figure class=\"wp-block-gallery has-nested-images columns-default is-cropped wp-block-gallery-1 is-layout-flex wp-block-gallery-is-layout-flex\">\n<figure class=\"wp-block-image size-large\"><img decoding=\"async\" width=\"768\" height=\"1024\" data-id=\"12208\" src=\"https:\/\/www.fdj-suez.fr\/wp-content\/uploads\/2026\/08\/729068683_18101902592587382_3492538173248171829_n-768x1024.jpg\" alt=\"\" class=\"wp-image-12208\" \/><\/figure>\n\n\n\n<figure class=\"wp-block-image size-large\"><img decoding=\"async\" width=\"768\" height=\"1024\" data-id=\"12206\" src=\"https:\/\/www.fdj-suez.fr\/wp-content\/uploads\/2026\/08\/728116215_18101902553587382_4097111726666495361_n-768x1024.jpg\" alt=\"\" class=\"wp-image-12206\" \/><\/figure>\n\n\n\n<figure class=\"wp-block-image size-large\"><img decoding=\"async\" width=\"768\" height=\"1024\" data-id=\"12211\" src=\"https:\/\/www.fdj-suez.fr\/wp-content\/uploads\/2026\/08\/728969365_18101902619587382_3759974667745358197_n-768x1024.jpg\" alt=\"\" class=\"wp-image-12211\" \/><\/figure>\n<\/figure>\n\n\n\n<div style=\"height:33px\" aria-hidden=\"true\" class=\"wp-block-spacer\"><\/div>\n\n\n\n<blockquote class=\"wp-block-quote is-layout-flow wp-block-quote-is-layout-flow\">\n<p class=\"wp-block-paragraph\"><em>\u00abNous sommes tr\u00e8s fiers d\u2019accueillir Anja pour les deux prochaines saisons et de l\u2019accompagner dans les premiers pas de sa carri\u00e8re professionnelle. Anja incarne parfaitement ce que nous voulons construire : une jeune athl\u00e8te multidisciplinaire, talentueuse, ambitieuse et avec encore \u00e9norm\u00e9ment \u00e0 d\u00e9couvrir. <\/em><\/p>\n\n\n\n<p class=\"wp-block-paragraph\"><em>Notre r\u00f4le est de croire en ces talents, de leur donner le temps, l\u2019environnement et les moyens de grandir et de poursuivre leurs r\u00eaves. L\u2019avenir ne s\u2019attend pas, il se construit aujourd\u2019hui. Et nous sommes tr\u00e8s heureux de commencer cette aventure avec Anja.<\/em><em>\u00bb- <strong>Stephen Delcourt, Manager G\u00e9n\u00e9ral de l&#8217;\u00e9quipe FDJ UNITED-SUEZ<\/strong><\/em><\/p>\n<\/blockquote>\n\n\n\n<p class=\"wp-block-paragraph\">En rejoignant FDJ UNITED\u2013SUEZ, Anja b\u00e9n\u00e9ficiera d\u2019un environnement pens\u00e9 pour accompagner son d\u00e9veloppement et lui permettre de d\u00e9couvrir progressivement les exigences du plus haut niveau.<\/p>\n\n\n\n<blockquote class=\"wp-block-quote is-layout-flow wp-block-quote-is-layout-flow\">\n<p class=\"wp-block-paragraph\"><em>\u00abRejoindre FDJ UNITED\u2013SUEZ est un r\u00eave qui devient r\u00e9alit\u00e9. Je suis extr\u00eamement reconnaissante d\u2019avoir l\u2019opportunit\u00e9 de continuer \u00e0 poursuivre mes r\u00eaves aux c\u00f4t\u00e9s d\u2019une \u00e9quipe aussi incroyable, aussi bien sur route qu\u2019en cyclo-cross. J\u2019ai h\u00e2te de d\u00e9couvrir tout ce qui nous attend.\u00bb- <strong>Anja Grossmann<\/strong><\/em><\/p>\n<\/blockquote>\n\n\n\n<p class=\"wp-block-paragraph\"><\/p>\n","protected":false},"excerpt":{"rendered":"<p>L&#8217;\u00e9quipe est heureuse d&#8217;annoncer l\u2019arriv\u00e9e d\u2019Anja Grossmann dans ses rangs pour les deux prochaines saisons. \u00c0 seulement 17 ans, la jeune Suissesse s\u2019appr\u00eate \u00e0 franchir une nouvelle \u00e9tape de sa carri\u00e8re en rejoignant le peloton professionnel. Anja s\u2019est d\u00e9j\u00e0 affirm\u00e9e comme l\u2019un des grands talents de sa g\u00e9n\u00e9ration. En 2025, elle d\u00e9croche la m\u00e9daille de [&hellip;]<\/p>\n","protected":false},"author":4,"featured_media":12218,"comment_status":"closed","ping_status":"closed","sticky":false,"template":"","format":"standard","meta":{"_et_pb_use_builder":"","_et_pb_old_content":"","_et_gb_content_width":"","_themeisle_gutenberg_block_has_review":false,"footnotes":""},"categories":[73],"tags":[],"class_list":["post-12214","post","type-post","status-publish","format-standard","has-post-thumbnail","hentry","category-official-statement"],"_links":{"self":[{"href":"https:\/\/www.fdj-suez.fr\/en\/wp-json\/wp\/v2\/posts\/12214","targetHints":{"allow":["GET"]}}],"collection":[{"href":"https:\/\/www.fdj-suez.fr\/en\/wp-json\/wp\/v2\/posts"}],"about":[{"href":"https:\/\/www.fdj-suez.fr\/en\/wp-json\/wp\/v2\/types\/post"}],"author":[{"embeddable":true,"href":"https:\/\/www.fdj-suez.fr\/en\/wp-json\/wp\/v2\/users\/4"}],"replies":[{"embeddable":true,"href":"https:\/\/www.fdj-suez.fr\/en\/wp-json\/wp\/v2\/comments?post=12214"}],"version-history":[{"count":3,"href":"https:\/\/www.fdj-suez.fr\/en\/wp-json\/wp\/v2\/posts\/12214\/revisions"}],"predecessor-version":[{"id":12222,"href":"https:\/\/www.fdj-suez.fr\/en\/wp-json\/wp\/v2\/posts\/12214\/revisions\/12222"}],"wp:featuredmedia":[{"embeddable":true,"href":"https:\/\/www.fdj-suez.fr\/en\/wp-json\/wp\/v2\/media\/12218"}],"wp:attachment":[{"href":"https:\/\/www.fdj-suez.fr\/en\/wp-json\/wp\/v2\/media?parent=12214"}],"wp:term":[{"taxonomy":"category","embeddable":true,"href":"https:\/\/www.fdj-suez.fr\/en\/wp-json\/wp\/v2\/categories?post=12214"},{"taxonomy":"post_tag","embeddable":true,"href":"https:\/\/www.fdj-suez.fr\/en\/wp-json\/wp\/v2\/tags?post=12214"}],"curies":[{"name":"wp","href":"https:\/\/api.w.org\/{rel}","templated":true}]}}